{"id":6140,"date":"2024-06-11T21:01:40","date_gmt":"2024-06-11T21:01:40","guid":{"rendered":"https:\/\/eticamedia.eu\/?p=6140"},"modified":"2026-04-23T12:12:58","modified_gmt":"2026-04-23T12:12:58","slug":"kunst-und-kopfkrieg","status":"publish","type":"post","link":"https:\/\/eticamedia.eu\/en\/schoene-news\/kunst-und-kopfkrieg\/","title":{"rendered":"Interviewreihe: Kunst und Kopfkrieg"},"content":{"rendered":"<h5><strong><em>Der Journalist Laurens Dillmann beschreibt seine steinige, sch\u00f6ne und tiefgehende Entwicklung von 5 Jahren, bis er nun das Buch &#8222;Kunst und Kopfkrieg&#8220; in den H\u00e4nden h\u00e4lt &#8211;\u00a0 und damit einen Meilenstein wirklich ehrlichen Musikjournalismus&#8216;:\u00a0<\/em><\/strong><\/h5>\n<p>&#8222;\u00dcber einen Zeitraum von gut f\u00fcnf Jahren habe ich Interviews f\u00fcr diese Reihe gef\u00fchrt. Das erste Mal daf\u00fcr war imJahr 2018 in Berlin. Anfangs war ich beim Interviewf\u00fchren noch total aufgeregt. Ich war bereits Musikjournalist, mit ein paar gut laufenden Ver\u00f6ffentlichungen in bekannten Magazinen, so wie ich es mir gew\u00fcnscht und erarbeitet hatte&#8230;das klingt nach gut durchgeplanten Karriereweg.<span class=\"Apple-converted-space\">\u00a0<\/span><\/p>\n<p><a href=\"https:\/\/eticamedia.eu\/en\/product\/kunstundkopfkrieg\/\"><img data-recalc-dims=\"1\" loading=\"lazy\" decoding=\"async\" class=\"alignright wp-image-5856\" src=\"https:\/\/i0.wp.com\/eticamedia.eu\/wp-content\/uploads\/2024\/04\/43.jpg?resize=266%2C266&#038;ssl=1\" alt=\"Kunst und Kopfkrieg_Bartek\" width=\"266\" height=\"266\" \/><\/a><\/p>\n<p class=\"p1\">Ehrlich gesagt war ich in meinen 20ern ohne Orientierung, stand neben mir und schon gar nicht mit beiden Beinen im Leben.So habe ich die Flucht nach\u00a0vorne ergriffen und mit meinen G\u00e4sten aus der Welt der Musik dar\u00fcber gesprochen. \u00dcber den Krieg im eigenen Kopf und dass die Kunst uns dabei helfen kann, zu \u00fcberleben. Ich lernte: Aha, ich bin also nicht der einzige Mensch, der den Weltschmerz hat. Und trotzdem gibt es Hoffnung.<span class=\"Apple-converted-space\">\u00a0<\/span><\/p>\n<p class=\"p1\">Nat\u00fcrlich l\u00e4sst sich Bei Kunst \u00fcber Geschmack streiten. Sie kann ein Remix sein, etwas Inspiriertes oder \u00dcbernommenes, aber sie geht stets diesen Weg: Von Innen nach Au\u00dfen. Ein bleibender Eindruck entsteht, <span class=\"s1\"><i>aus<\/i><\/span> uns und <span class=\"s1\"><i>durch<\/i><\/span> uns selbst. Davon, dass ich das selbst auch kann, war ich dank meinen Eltern schon fr\u00fch \u00fcberzeugt. Sie malten, musizierten, handwerkten, und lebten es mir vor. Das Grundrauschen meiner Kindheit war der Jazz und das Saxophon meines Vaters.<\/p>\n<p class=\"p1\"><img data-recalc-dims=\"1\" loading=\"lazy\" decoding=\"async\" class=\"alignleft wp-image-6103\" src=\"https:\/\/i0.wp.com\/eticamedia.eu\/wp-content\/uploads\/2024\/06\/Laurens-Dillmann-zu-Beginn-der-Interviewreihe.jpg?resize=265%2C344&#038;ssl=1\" alt=\"Kunst und Kopfkrieg_Bartek\" width=\"265\" height=\"344\" \/> \u00a0<img data-recalc-dims=\"1\" loading=\"lazy\" decoding=\"async\" class=\"https:\/\/eticamedia.eu\/produkt\/kunstundkopfkrieg\/ alignleft wp-image-6102\" src=\"https:\/\/i0.wp.com\/eticamedia.eu\/wp-content\/uploads\/2024\/06\/Laurens-Dillmann-2024-mit-22Kunst-und-Kopfkrieg22.jpg?resize=257%2C343&#038;ssl=1\" alt=\"Laurens Dillmann 2024 mit &quot;Kunst und Kopfkrieg&quot;\" width=\"257\" height=\"343\" \/>Ich bin selbst einer von denen, die ich interviewe: Ein K\u00fcnstler. Das so frei sagen zu k\u00f6nnen, ist ein gro\u00dfer Entwicklungsschritt f\u00fcr mich, nachdem ich lange keinen blassen Schimmer hatte, wer ich bin und was ich besonders gut kann. Tag f\u00fcr Tag bekomme ich klarere Konturen und radiere das aus, was mir nicht (mehr) entspricht.<\/p>\n<p class=\"p1\">Auf das Buch, das ich jetzt ganz <span class=\"s1\"><i>real<\/i><\/span> in H\u00e4nden halten und durchbl\u00e4ttern kann, bin ich stolz. Ich lese darin nicht nur etwas \u00fcber meine G\u00e4ste, sondern auch \u00fcber mein j\u00fcngeres Ich, etwas naiv, teils brutal ehrlich, aufrichtig interessiert. Ich habe Mitgef\u00fchl mit dieser Version von Laurens.<\/p>\n<p class=\"p1\">Ich\u00a0habe Respekt vor seinem Mut, sich zu zeigen und dem Drang, den Dingen auf den Grund gehen zu wollen. Das sind Eigenschaften, die ich seitdem weiterentwickelt habe. Manch Negatives von ihm habe ich abgelegt oder bin mit Dringlichkeit dabei. Wer ich wohl in\u00a0f\u00fcnf Jahren bin?<\/p>\n<p class=\"p1\">Danke an all die, die dieses <span class=\"s1\"><i>\u201eMich zeigen\u201c<\/i><\/span> unterst\u00fctzt haben und es weiterhin tun. An Gesa, meine Verlegerin, Lisa, meine Liebe, meine Freunde in Frankfurt, Berlin, Freiburg und sonstwo, meine K\u00fcnstlerfamilie und meine Interviewg\u00e4ste.&#8220;<\/p>\n<p class=\"p1\"><strong><em>Juni 2024,<span class=\"Apple-converted-space\">\u00a0<\/span>Laurens Dillmann<\/em><\/strong><\/p>\n<p><a href=\"https:\/\/eticamedia.eu\/en\/product\/kunstundkopfkrieg\/\"><img data-recalc-dims=\"1\" loading=\"lazy\" decoding=\"async\" class=\"alignleft wp-image-5857\" src=\"https:\/\/i0.wp.com\/eticamedia.eu\/wp-content\/uploads\/2024\/04\/9789083379265_umschlag.png?resize=192%2C192&#038;ssl=1\" alt=\"Kunst und Kopfkrieg Buch\" width=\"192\" height=\"192\" \/><\/a><\/p>\n<p>Das Buch &#8222;Kunst und Kopfkrieg&#8220; und ist <a href=\"https:\/\/eticamedia.eu\/en\/product\/kunstundkopfkrieg\/\">hier erh\u00e4ltlich<\/a>.<\/p>\n<p><a href=\"http:\/\/www.kunstundkopfkrieg.de\" target=\"_blank\" rel=\"noopener\">www.kunstundkopfkrieg.de<\/a><\/p>","protected":false},"excerpt":{"rendered":"<p>Der Journalist Laurens Dillmann beschreibt seine steinige, sch\u00f6ne und tiefgehende Entwicklung von 5 Jahren, bis er nun das Buch &#8222;Kunst und Kopfkrieg&#8220; in den H\u00e4nden h\u00e4lt &#8211;\u00a0 und damit einen Meilenstein wirklich ehrlichen Musikjournalismus&#8216;.<\/p>","protected":false},"author":2,"featured_media":5849,"comment_status":"closed","ping_status":"open","sticky":false,"template":"","format":"standard","meta":{"_acf_changed":false,"_et_pb_use_builder":"","_et_pb_old_content":"","_et_gb_content_width":"","pmpro_default_level":"","_jetpack_memberships_contains_paid_content":false,"footnotes":"","jetpack_publicize_message":"","jetpack_publicize_feature_enabled":true,"jetpack_social_post_already_shared":true,"jetpack_social_options":{"image_generator_settings":{"template":"highway","default_image_id":0,"font":"","enabled":false},"version":2}},"categories":[36],"tags":[123,91],"class_list":["post-6140","post","type-post","status-publish","format-standard","has-post-thumbnail","hentry","category-schoene-news","tag-das-schoene","tag-kunstvolles","pmpro-has-access"],"acf":[],"jetpack_publicize_connections":[],"jetpack_featured_media_url":"https:\/\/i0.wp.com\/eticamedia.eu\/wp-content\/uploads\/2024\/04\/mock-00169-d3911.png?fit=1600%2C1067&ssl=1","jetpack_sharing_enabled":true,"_links":{"self":[{"href":"https:\/\/eticamedia.eu\/en\/wp-json\/wp\/v2\/posts\/6140","targetHints":{"allow":["GET"]}}],"collection":[{"href":"https:\/\/eticamedia.eu\/en\/wp-json\/wp\/v2\/posts"}],"about":[{"href":"https:\/\/eticamedia.eu\/en\/wp-json\/wp\/v2\/types\/post"}],"author":[{"embeddable":true,"href":"https:\/\/eticamedia.eu\/en\/wp-json\/wp\/v2\/users\/2"}],"replies":[{"embeddable":true,"href":"https:\/\/eticamedia.eu\/en\/wp-json\/wp\/v2\/comments?post=6140"}],"version-history":[{"count":3,"href":"https:\/\/eticamedia.eu\/en\/wp-json\/wp\/v2\/posts\/6140\/revisions"}],"predecessor-version":[{"id":6879,"href":"https:\/\/eticamedia.eu\/en\/wp-json\/wp\/v2\/posts\/6140\/revisions\/6879"}],"wp:featuredmedia":[{"embeddable":true,"href":"https:\/\/eticamedia.eu\/en\/wp-json\/wp\/v2\/media\/5849"}],"wp:attachment":[{"href":"https:\/\/eticamedia.eu\/en\/wp-json\/wp\/v2\/media?parent=6140"}],"wp:term":[{"taxonomy":"category","embeddable":true,"href":"https:\/\/eticamedia.eu\/en\/wp-json\/wp\/v2\/categories?post=6140"},{"taxonomy":"post_tag","embeddable":true,"href":"https:\/\/eticamedia.eu\/en\/wp-json\/wp\/v2\/tags?post=6140"}],"curies":[{"name":"wp","href":"https:\/\/api.w.org\/{rel}","templated":true}]}}